{"id":759,"date":"2023-01-11T22:17:05","date_gmt":"2023-01-11T22:17:05","guid":{"rendered":"http:\/\/tdi_21_e06"},"modified":"2023-01-13T03:24:34","modified_gmt":"2023-01-13T03:24:34","slug":"kristen-stewart-at-the-toronto-film-festival-2015","status":"publish","type":"post","link":"https:\/\/rasa-africa.org\/fr\/2023\/01\/11\/kristen-stewart-at-the-toronto-film-festival-2015\/","title":{"rendered":"Macron a-t-il provoqu\u00e9 un \u00a0\u00bb incident diplomatique \u00a0\u00bb lors de sa visite \u00e0 Ouagadougou ?"},"content":{"rendered":"<p>Vous nous avez demand\u00e9 si une blague d&rsquo;Emmanuel Macron lors de son discours \u00e0 l&rsquo;universit\u00e9 de Ouagadougou avait offens\u00e9 le pr\u00e9sident du Burkina Faso, qui a quitt\u00e9 la sc\u00e8ne pendant plusieurs minutes durant le discours du pr\u00e9sident fran\u00e7ais.<\/p>\n<p>Mardi 28 novembre, Burkina Faso. Dans l&rsquo;amphith\u00e9\u00e2tre de l&rsquo;universit\u00e9 de Ouagadougou, Emmanuel Macron pr\u00e9sente ce que sera la politique fran\u00e7aise envers l&rsquo;Afrique durant son mandat. Pour une fois, le pr\u00e9sident veut rompre avec le \u00a0\u00bb vieux monde \u00ab\u00a0. Il affirme qu&rsquo;il n&rsquo;est pas l\u00e0 pour donner des le\u00e7ons, et son discours devant les \u00e9tudiants se poursuit par une s\u00e9ance de questions-r\u00e9ponses.<\/p>\n<p>La prestation &#8211; pr\u00e8s de deux heures au total &#8211; a \u00e9t\u00e9 remarqu\u00e9e. Pouss\u00e9 par un public surexcit\u00e9, le pr\u00e9sident fran\u00e7ais ne s&rsquo;est pas priv\u00e9 de faire des remarques humoristiques. R\u00e9pondant \u00e0 une vol\u00e9e de questions d&rsquo;un \u00e9tudiant, Macron a commenc\u00e9 par une longue tirade de plusieurs minutes.<\/p>\n<p>Il conclut en abordant le sujet des coupures d&rsquo;\u00e9lectricit\u00e9 et de climatisation qui touchent l&rsquo;universit\u00e9 (\u00e0 partir de 10:44 dans la vid\u00e9o) : \u00a0\u00bb Nous allons ouvrir une centrale \u00e9lectrique demain. J&rsquo;ai dit quel \u00e9tait l&rsquo;engagement de la France en mati\u00e8re d&rsquo;\u00e9nergies renouvelables, et l&rsquo;engagement que nous allons prendre en mati\u00e8re d&rsquo;investissements dans l&rsquo;entrepreneuriat, dans les entreprises, pour aider le Burkina Faso et tous les pays de la r\u00e9gion \u00e0 d\u00e9velopper l&rsquo;\u00e9nergie et \u00e0 lutter contre les coupures d&rsquo;\u00e9lectricit\u00e9.<\/p>\n<p><strong><em>\u00a0\u00bb Il est all\u00e9 r\u00e9parer la climatisation \u00ab\u00a0.<\/em><\/strong><\/p>\n<p>Et c&rsquo;est l\u00e0 que commence le passage qui fait l&rsquo;objet de toute l&rsquo;ex\u00e9g\u00e8se. \u00ab\u00a0Mais vous m&rsquo;avez parl\u00e9 comme si j&rsquo;\u00e9tais le pr\u00e9sident du Burkina Faso ! Face aux rires et aux applaudissements, Emmanuel Macron s&rsquo;interrompt et tente de reprendre la parole \u00e0 plusieurs reprises. \u00a0\u00bb Et quelque part, interrogez-vous [&#8230;] sur le courant psychologique sous-jacent \u00e0 votre questionnement et l&rsquo;enthousiasme qu&rsquo;il a suscit\u00e9 \u00ab\u00a0, intime le pr\u00e9sident fran\u00e7ais. Vous me parlez comme si j&rsquo;\u00e9tais encore une pr\u00e9sence coloniale.<\/p>\n<p><img loading=\"lazy\" decoding=\"async\" class=\"td-modal-image wp-image-915  alignleft\" src=\"https:\/\/rasa-africa.org\/fr\/wp-content\/uploads\/2023\/01\/incident-diplomatique-300x200.jpg\" alt=\"\" width=\"563\" height=\"375\" srcset=\"https:\/\/rasa-africa.org\/fr\/wp-content\/uploads\/2023\/01\/incident-diplomatique-300x200.jpg 300w, https:\/\/rasa-africa.org\/fr\/wp-content\/uploads\/2023\/01\/incident-diplomatique.jpg 600w\" sizes=\"(max-width: 563px) 100vw, 563px\" \/><\/p>\n<p>Et il a dit :\u00a0 Mais je ne veux pas m&rsquo;occuper de l&rsquo;\u00e9lectricit\u00e9 dans les universit\u00e9s du Burkina Faso ! [C&rsquo;est le travail du pr\u00e9sident [applaudissements] \u00ab\u00a0.] \u00ab\u00a0Le pr\u00e9sident en question, Roch M.C. Kabor\u00e9, d\u00e9cide alors de s&rsquo;\u00e9clipser avec quelques membres de son \u00e9quipe, ce qui est remarqu\u00e9 par Emmanuel Macron, qui lui dit, tout sourire : \u00a0\u00bb Alors, il s&rsquo;en va&#8230; Restez l\u00e0 ! \u00a0\u00bb A ce moment-l\u00e0, l&rsquo;image de la cam\u00e9ra de France 24 montre un pr\u00e9sident burkinab\u00e9 qui salue le public en quittant la sc\u00e8ne.<\/p>\n<p>Et Macron poursuit : \u00a0\u00bb Alors il est all\u00e9 r\u00e9parer la climatisation \u00ab\u00a0, avant de conclure sa r\u00e9ponse \u00a0\u00bb plus s\u00e9rieusement \u00ab\u00a0. Alors qu&rsquo;un autre \u00e9tudiant prend la parole, Emmanuel Macron se tourne vers la porte par laquelle Kabor\u00e9 est sorti, probablement pour s&rsquo;adresser au personnel qui n&rsquo;a pas quitt\u00e9 la salle avec lui. Il interroge du regard, en d\u00e9signant la chaise laiss\u00e9e vide par le chef d&rsquo;\u00c9tat africain. Puis il acquiesce et se retourne vers le public, visiblement rassur\u00e9.<\/p>\n<p><strong>Un \u00a0\u00bb incident diplomatique \u00a0\u00bb pour l&rsquo;opposition<\/strong><\/p>\n<p>Le d\u00e9part d&rsquo;un chef d&rsquo;Etat d&rsquo;une sc\u00e8ne publique au milieu du discours d&rsquo;un homologue n&rsquo;est pas un \u00e9v\u00e9nement courant. Mais le fait que ce d\u00e9part co\u00efncide avec un trait d&rsquo;humour peu flatteur pour ce chef d&rsquo;Etat a aliment\u00e9 toute la pol\u00e9mique. Les Inrocks y ont vu une \u00a0\u00bb humiliation \u00a0\u00bb inflig\u00e9e par Macron \u00e0 Kabor\u00e9, tout comme la politicienne du Front national Tiffany Joncour, qui a obtenu plusieurs centaines de retweets sur un message dans lequel elle partageait un clip vid\u00e9o de la sc\u00e8ne. Le m\u00eame jour, 20 Minutes titrait que \u00a0\u00bb Macron se moque de son homologue \u00ab\u00a0.<\/p>\n","protected":false},"excerpt":{"rendered":"<p>Vous nous avez demand\u00e9 si une blague d&rsquo;Emmanuel Macron lors de son discours \u00e0 l&rsquo;universit\u00e9 de Ouagadougou avait offens\u00e9 le pr\u00e9sident du Burkina Faso, qui a quitt\u00e9 la sc\u00e8ne pendant plusieurs minutes durant le discours du pr\u00e9sident fran\u00e7ais. Mardi 28 novembre, Burkina Faso. Dans l&rsquo;amphith\u00e9\u00e2tre de l&rsquo;universit\u00e9 de Ouagadougou, Emmanuel Macron pr\u00e9sente ce que sera [&hellip;]<\/p>\n","protected":false},"author":1,"featured_media":915,"comment_status":"closed","ping_status":"closed","sticky":false,"template":"","format":"standard","meta":{"tdm_status":"","tdm_grid_status":"","footnotes":""},"categories":[44,46],"tags":[],"class_list":{"0":"post-759","1":"post","2":"type-post","3":"status-publish","4":"format-standard","5":"has-post-thumbnail","7":"category-actu-medias","8":"category-culture-et-societe"},"_links":{"self":[{"href":"https:\/\/rasa-africa.org\/fr\/wp-json\/wp\/v2\/posts\/759"}],"collection":[{"href":"https:\/\/rasa-africa.org\/fr\/wp-json\/wp\/v2\/posts"}],"about":[{"href":"https:\/\/rasa-africa.org\/fr\/wp-json\/wp\/v2\/types\/post"}],"author":[{"embeddable":true,"href":"https:\/\/rasa-africa.org\/fr\/wp-json\/wp\/v2\/users\/1"}],"replies":[{"embeddable":true,"href":"https:\/\/rasa-africa.org\/fr\/wp-json\/wp\/v2\/comments?post=759"}],"version-history":[{"count":1,"href":"https:\/\/rasa-africa.org\/fr\/wp-json\/wp\/v2\/posts\/759\/revisions"}],"predecessor-version":[{"id":916,"href":"https:\/\/rasa-africa.org\/fr\/wp-json\/wp\/v2\/posts\/759\/revisions\/916"}],"wp:featuredmedia":[{"embeddable":true,"href":"https:\/\/rasa-africa.org\/fr\/wp-json\/wp\/v2\/media\/915"}],"wp:attachment":[{"href":"https:\/\/rasa-africa.org\/fr\/wp-json\/wp\/v2\/media?parent=759"}],"wp:term":[{"taxonomy":"category","embeddable":true,"href":"https:\/\/rasa-africa.org\/fr\/wp-json\/wp\/v2\/categories?post=759"},{"taxonomy":"post_tag","embeddable":true,"href":"https:\/\/rasa-africa.org\/fr\/wp-json\/wp\/v2\/tags?post=759"}],"curies":[{"name":"wp","href":"https:\/\/api.w.org\/{rel}","templated":true}]}}