{"id":752,"date":"2023-01-11T22:17:04","date_gmt":"2023-01-11T22:17:04","guid":{"rendered":"http:\/\/tdi_14_0f0"},"modified":"2024-03-28T12:55:56","modified_gmt":"2024-03-28T12:55:56","slug":"instrument-de-reconquete-de-la-souverainete-intellectuelle-et-politique-de-lafrique-le-rasa-n1-a-ete-lance-le-25-mai-2021","status":"publish","type":"post","link":"https:\/\/rasa-africa.org\/fr\/2023\/01\/11\/instrument-de-reconquete-de-la-souverainete-intellectuelle-et-politique-de-lafrique-le-rasa-n1-a-ete-lance-le-25-mai-2021\/","title":{"rendered":"Instrument de reconqu\u00eate de la souverainet\u00e9 intellectuelle et politique de l&rsquo;Afrique: Le RASA N\u00b01 a \u00e9t\u00e9 lanc\u00e9 le 25 mai 2021"},"content":{"rendered":"\n<p><em>Consulter\/ T\u00e9l\u00e9charger le rapport plus bas<\/em><\/p>\n\n\n\n<p>&nbsp;Le 25 avril 2021, un nouveau chapitre de l&rsquo;analyse africaine a \u00e9t\u00e9 amorc\u00e9 avec le lancement du Rapport Alternatif sur l&rsquo;Afrique (RASA), un \u00e9v\u00e9nement d&rsquo;une importance capitale pour le continent. Conscient du manque d&rsquo;un rapport authentiquement africain, con\u00e7u pour l&rsquo;Afrique et par l&rsquo;Afrique, un consortium d&rsquo;institutions de recherche et de think tanks africains, ainsi que des intellectuels, des acteurs de la soci\u00e9t\u00e9 civile et des entrepreneurs \u00e9minents, a entrepris l&rsquo;initiative de cr\u00e9er le RASA.<\/p>\n\n\n\n<p>Ce rapport, dont la sortie du premier num\u00e9ro a \u00e9t\u00e9 officiellement annonc\u00e9e ce jour du 25 mai 2021, par ailleurs Journ\u00e9e mondiale de l&rsquo;Afrique,&nbsp;lors d&rsquo;une c\u00e9r\u00e9monie au si\u00e8ge d&rsquo;Enda Tiers Monde \u00e0 Dakar, au S\u00e9n\u00e9gal, vise \u00e0 \u00eatre un instrument de reconqu\u00eate de la souverainet\u00e9 intellectuelle et politique du continent. Il aspire \u00e0 offrir une perspective africaine authentique sur les progr\u00e8s et les d\u00e9fis auxquels sont confront\u00e9es les soci\u00e9t\u00e9s africaines.<\/p>\n\n\n\n<p>Divis\u00e9 en cinq axes, le rapport aborde des questions fondamentales et cherche \u00e0 fournir des r\u00e9ponses scientifiques \u00e0 ces d\u00e9fis. Bien que le texte ne pr\u00e9tende pas offrir des solutions d\u00e9finitives, il ouvre de vastes perspectives de r\u00e9flexion.<\/p>\n\n\n\n<p>Le Pr\u00e9sident Pedro Pires, ancien pr\u00e9sident du Cap Vert, a pr\u00e9fac\u00e9 ce premier num\u00e9ro, soulignant sa diff\u00e9rence par rapport aux paradigmes dominants et l&rsquo;appr\u00e9ciant comme une source de plaisir et de r\u00e9flexion uniques.<\/p>\n\n\n\n<p>Le RASA critique les m\u00e9thodes conventionnelles de mesure de la croissance et du d\u00e9veloppement \u00e9conomiques, proposant des approches alternatives plus adapt\u00e9es aux r\u00e9alit\u00e9s africaines. Il vise \u00e0 restaurer la responsabilit\u00e9 et la voix des Africains dans leur propre d\u00e9veloppement.<\/p>\n\n\n\n<p>Le lancement du RASA co\u00efncide avec le Jour de l&rsquo;Afrique, une occasion symbolique pour inviter \u00e0 la r\u00e9flexion collective et pour rendre ce rapport accessible au public.<\/p>\n\n\n\n<p>Pour toute information sur la participation \u00e0 la c\u00e9r\u00e9monie ou l&rsquo;acquisition du rapport, veuillez contacter le RASA aux coordonn\u00e9es suivantes :<\/p>\n\n\n\n<p>T\u00e9l\u00e9phone : (+221) 78 639 17 80<\/p>\n\n\n\n<p>Email : rasaafrica@gmail.com ; c.gueye9@gmail.com<\/p>\n\n\n\n<p>Cet \u00e9v\u00e9nement marque le d\u00e9but d&rsquo;une nouvelle \u00e8re dans l&rsquo;analyse et la compr\u00e9hension de l&rsquo;Afrique. Rejoignez-nous dans cette aventure intellectuelle stimulante et essentielle pour l&rsquo;avenir du continent.<\/p>\n\n\n\n<div data-wp-interactive=\"core\/file\" class=\"wp-block-file\"><object data-wp-bind--hidden=\"!state.hasPdfPreview\"  class=\"wp-block-file__embed\" data=\"https:\/\/rasa-africa.org\/fr\/wp-content\/uploads\/2024\/03\/RASA-RAPPORT-1.pdf\" type=\"application\/pdf\" style=\"width:100%;height:600px\" aria-label=\"Contenu embarqu\u00e9 T\u00e9l\u00e9charger le rapport n\u00b0 1 du RASA.\"><\/object><a id=\"wp-block-file--media-3e0e539e-df26-4347-a4e5-b1bcb21a5c59\" href=\"https:\/\/rasa-africa.org\/fr\/wp-content\/uploads\/2024\/03\/RASA-RAPPORT-1.pdf\">T\u00e9l\u00e9charger le rapport n\u00b0 1 du RASA<\/a><a href=\"https:\/\/rasa-africa.org\/fr\/wp-content\/uploads\/2024\/03\/RASA-RAPPORT-1.pdf\" class=\"wp-block-file__button wp-element-button\" download aria-describedby=\"wp-block-file--media-3e0e539e-df26-4347-a4e5-b1bcb21a5c59\">T\u00e9l\u00e9charger<\/a><\/div>\n","protected":false},"excerpt":{"rendered":"<p>Consulter\/ T\u00e9l\u00e9charger le rapport plus bas &nbsp;Le 25 avril 2021, un nouveau chapitre de l&rsquo;analyse africaine a \u00e9t\u00e9 amorc\u00e9 avec le lancement du Rapport Alternatif sur l&rsquo;Afrique (RASA), un \u00e9v\u00e9nement d&rsquo;une importance capitale pour le continent. Conscient du manque d&rsquo;un rapport authentiquement africain, con\u00e7u pour l&rsquo;Afrique et par l&rsquo;Afrique, un consortium d&rsquo;institutions de recherche et [&hellip;]<\/p>\n","protected":false},"author":1,"featured_media":1037,"comment_status":"closed","ping_status":"closed","sticky":false,"template":"","format":"standard","meta":{"tdm_status":"","tdm_grid_status":"","footnotes":""},"categories":[50,51],"tags":[],"class_list":{"0":"post-752","1":"post","2":"type-post","3":"status-publish","4":"format-standard","5":"has-post-thumbnail","7":"category-agenda","8":"category-linitiative"},"_links":{"self":[{"href":"https:\/\/rasa-africa.org\/fr\/wp-json\/wp\/v2\/posts\/752"}],"collection":[{"href":"https:\/\/rasa-africa.org\/fr\/wp-json\/wp\/v2\/posts"}],"about":[{"href":"https:\/\/rasa-africa.org\/fr\/wp-json\/wp\/v2\/types\/post"}],"author":[{"embeddable":true,"href":"https:\/\/rasa-africa.org\/fr\/wp-json\/wp\/v2\/users\/1"}],"replies":[{"embeddable":true,"href":"https:\/\/rasa-africa.org\/fr\/wp-json\/wp\/v2\/comments?post=752"}],"version-history":[{"count":11,"href":"https:\/\/rasa-africa.org\/fr\/wp-json\/wp\/v2\/posts\/752\/revisions"}],"predecessor-version":[{"id":1339,"href":"https:\/\/rasa-africa.org\/fr\/wp-json\/wp\/v2\/posts\/752\/revisions\/1339"}],"wp:featuredmedia":[{"embeddable":true,"href":"https:\/\/rasa-africa.org\/fr\/wp-json\/wp\/v2\/media\/1037"}],"wp:attachment":[{"href":"https:\/\/rasa-africa.org\/fr\/wp-json\/wp\/v2\/media?parent=752"}],"wp:term":[{"taxonomy":"category","embeddable":true,"href":"https:\/\/rasa-africa.org\/fr\/wp-json\/wp\/v2\/categories?post=752"},{"taxonomy":"post_tag","embeddable":true,"href":"https:\/\/rasa-africa.org\/fr\/wp-json\/wp\/v2\/tags?post=752"}],"curies":[{"name":"wp","href":"https:\/\/api.w.org\/{rel}","templated":true}]}}