{"id":1089,"date":"2023-02-27T07:14:55","date_gmt":"2023-02-27T07:14:55","guid":{"rendered":"https:\/\/rasa-africa.org\/fr\/?p=1089"},"modified":"2023-02-27T08:25:47","modified_gmt":"2023-02-27T08:25:47","slug":"mesure-une-initiative-qui-appelle-a-une-redefinition-consensuelle-des-priorites-strategiques","status":"publish","type":"post","link":"https:\/\/rasa-africa.org\/fr\/2023\/02\/27\/mesure-une-initiative-qui-appelle-a-une-redefinition-consensuelle-des-priorites-strategiques\/","title":{"rendered":"MESURe: Une initiative qui appelle \u00e0 une red\u00e9finition consensuelle des priorit\u00e9s strat\u00e9giques"},"content":{"rendered":"\n<figure class=\"wp-block-embed is-type-video is-provider-youtube wp-block-embed-youtube wp-embed-aspect-16-9 wp-has-aspect-ratio\"><div class=\"wp-block-embed__wrapper\">\n<div class=\"youtube-embed\" data-video_id=\"7D-I7uStlfA\"><iframe loading=\"lazy\" title=\"MESURe: Une initiative qui appelle \u00e0 une red\u00e9finition consensuelle des priorit\u00e9s strat\u00e9giques\" width=\"696\" height=\"392\" src=\"https:\/\/www.youtube.com\/embed\/7D-I7uStlfA?feature=oembed&#038;enablejsapi=1\" frameborder=\"0\" allow=\"accelerometer; autoplay; clipboard-write; encrypted-media; gyroscope; picture-in-picture; web-share\" allowfullscreen><\/iframe><\/div>\n<\/div><\/figure>\n\n\n\n<p class=\"has-regular-font-size\">Un <a href=\"https:\/\/www.youtube.com\/watch?v=urfsUoL1C68\">appel<\/a> \u00e0 un d\u00e9bat public ouvert pour des consensus politiques, sociaux et \u00e9conomiques forts<\/p>\n","protected":false},"excerpt":{"rendered":"<p>Un appel \u00e0 un d\u00e9bat public ouvert pour des consensus politiques, sociaux et \u00e9conomiques forts<\/p>\n","protected":false},"author":1,"featured_media":1090,"comment_status":"open","ping_status":"open","sticky":false,"template":"","format":"standard","meta":{"tdm_status":"","tdm_grid_status":"","footnotes":""},"categories":[45],"tags":[],"class_list":{"0":"post-1089","1":"post","2":"type-post","3":"status-publish","4":"format-standard","5":"has-post-thumbnail","7":"category-politique"},"_links":{"self":[{"href":"https:\/\/rasa-africa.org\/fr\/wp-json\/wp\/v2\/posts\/1089"}],"collection":[{"href":"https:\/\/rasa-africa.org\/fr\/wp-json\/wp\/v2\/posts"}],"about":[{"href":"https:\/\/rasa-africa.org\/fr\/wp-json\/wp\/v2\/types\/post"}],"author":[{"embeddable":true,"href":"https:\/\/rasa-africa.org\/fr\/wp-json\/wp\/v2\/users\/1"}],"replies":[{"embeddable":true,"href":"https:\/\/rasa-africa.org\/fr\/wp-json\/wp\/v2\/comments?post=1089"}],"version-history":[{"count":2,"href":"https:\/\/rasa-africa.org\/fr\/wp-json\/wp\/v2\/posts\/1089\/revisions"}],"predecessor-version":[{"id":1092,"href":"https:\/\/rasa-africa.org\/fr\/wp-json\/wp\/v2\/posts\/1089\/revisions\/1092"}],"wp:featuredmedia":[{"embeddable":true,"href":"https:\/\/rasa-africa.org\/fr\/wp-json\/wp\/v2\/media\/1090"}],"wp:attachment":[{"href":"https:\/\/rasa-africa.org\/fr\/wp-json\/wp\/v2\/media?parent=1089"}],"wp:term":[{"taxonomy":"category","embeddable":true,"href":"https:\/\/rasa-africa.org\/fr\/wp-json\/wp\/v2\/categories?post=1089"},{"taxonomy":"post_tag","embeddable":true,"href":"https:\/\/rasa-africa.org\/fr\/wp-json\/wp\/v2\/tags?post=1089"}],"curies":[{"name":"wp","href":"https:\/\/api.w.org\/{rel}","templated":true}]}}