{"id":1073,"date":"2023-02-05T20:09:54","date_gmt":"2023-02-05T20:09:54","guid":{"rendered":"https:\/\/rasa-africa.org\/fr\/?p=1073"},"modified":"2023-02-05T20:09:55","modified_gmt":"2023-02-05T20:09:55","slug":"le-colonialisme-economique-est-tout-aussi-asservissant-que-le-colonialisme-politique-pape-francois","status":"publish","type":"post","link":"https:\/\/rasa-africa.org\/fr\/2023\/02\/05\/le-colonialisme-economique-est-tout-aussi-asservissant-que-le-colonialisme-politique-pape-francois\/","title":{"rendered":"\u00ab\u00a0Le\u00a0colonialisme \u00e9conomique est\u00a0tout aussi asservissant que le colonialisme politique\u00a0\u00bb, <strong>pape Fran\u00e7ois\u00a0<\/strong>"},"content":{"rendered":"\n<p><strong>L&rsquo;aisance de la connexion entre le pape Fran\u00e7ois et la jeunesse de RDC avait de quoi faire p\u00e2lir d&rsquo;envie les dirigeants politiques africains, qui ont tant de mal \u00e0 dialoguer avec cette frange de la population qui constitue pourtant l&rsquo;avenir de leurs nations.<\/strong><\/p>\n\n\n\n<p><strong>\u00ab<\/strong>&nbsp;<strong><em>\u00d4tez vos mains de la R\u00e9publique d\u00e9mocratique du Congo, \u00f4tez vos mains de l&rsquo;Afrique<\/em><\/strong>&nbsp;<strong><em>! Cessez d&rsquo;\u00e9touffer l&rsquo;Afrique<\/em><\/strong>&nbsp;<strong><em>: elle n&rsquo;est pas une mine \u00e0 exploiter ni une terre \u00e0 d\u00e9valiser.<\/em><\/strong>&nbsp;<strong>\u00bb&nbsp;D\u00e8s sa premi\u00e8re prise de parole en terre congolaise, le pape a donn\u00e9 le ton. La visite de Fran\u00e7ois en RDC a \u00e9t\u00e9 jalonn\u00e9e de messages puissants. Faut-il donc en d\u00e9duire qu\u2019elle est r\u00e9ussie<\/strong>&nbsp;<strong>?<\/strong><\/p>\n\n\n\n<p>Comme il serait malais\u00e9 de conclure le contraire\u00a0!\u00a0Au-del\u00e0 de la ferveur de l\u2019accueil, et de la tonicit\u00e9 des messages d\u00e9livr\u00e9s, chaque jour du souverain pontife sur le sol congolais aura \u00e9t\u00e9 l\u2019occasion, pour lui, de marquer puissamment les esprits. Aucun des maux qui minent le Congo n\u2019a \u00e9t\u00e9 oubli\u00e9. Aucun des protagonistes des trag\u00e9dies impos\u00e9es \u00e0 ce peuple n\u2019a \u00e9t\u00e9 \u00e9pargn\u00e9. Chacun a \u00e9t\u00e9 rappel\u00e9 \u00e0 ses devoirs. Y compris le clerg\u00e9. Y compris les dirigeants. Mobutu, autrefois, situait la position de son pays en Afrique comme la g\u00e2chette sur un pistolet. Le successeur de Saint-Pierre, lui, assimile la RDC, pays immense et plein de vie, au \u00ab\u00a0<em>diaphragme de l&rsquo;Afrique<\/em>\u00a0\u00bb. Entre l\u2019oxyg\u00e8ne que le diaphragme permet de faire circuler dans le sang et le sang que font couler les pistolets et autres armes guid\u00e9s par l\u2019insatiable avidit\u00e9 des pr\u00e9dateurs, le choix des Congolais devrait \u00eatre simple.<\/p>\n\n\n\n<p><strong>Mais, contrairement au pr\u00e9sident Tshisekedi, il n\u2019a pas nomm\u00e9ment cit\u00e9 les m\u00e9chants.<\/strong><\/p>\n\n\n\n<p>Il n\u2019emp\u00eache\u00a0! Tous se reconna\u00eetront, puisqu\u2019il a dress\u00e9 le portrait\u00a0de ceux qui se sont impos\u00e9s au festin du sous-sol congolais, comme de ces autres qui, un temps convi\u00e9s par un certain Laurent-D\u00e9sir\u00e9 Kabila, ont oubli\u00e9 de s\u2019en aller, et ont besoin d\u2019un environnement d\u00e9stabilis\u00e9, pour perp\u00e9tuer la pr\u00e9dation. C\u2019est aussi \u00e0 dessein qu\u2019avec gravit\u00e9, le pape d\u00e9signe comme un \u00ab\u00a0<em>g\u00e9nocide oubli\u00e9<\/em>\u00a0\u00bb,\u00a0la violence que subissent les populations de l\u2019est du Congo.<\/p>\n\n\n\n<p>Fran\u00e7ois a tout dit, en d\u00e9non\u00e7ant le&nbsp;<em>colonialisme \u00e9conomique,<\/em>&nbsp;tout a<em>ussi asservissant<\/em>, tout particuli\u00e8rement en RDC,&nbsp;<em>que le colonialisme politique, puisqu\u2019il emp\u00eache ce peuple,&nbsp;<\/em>qu\u2019il assimile \u00e0 un \u00ab&nbsp;<em>diamant pr\u00e9cieux d\u2019une valeur inestimable<\/em>&nbsp;\u00bb, de profiter de ses immenses ressources. Mais, ce fl\u00e9au n\u2019est pas que le fait des seuls \u00e9trangers. Aussi, a-t-il exhort\u00e9 la jeunesse \u00e0 se prendre en main, pour changer de destin.<\/p>\n\n\n\n<p><strong>L\u2019apoth\u00e9ose, c\u2019\u00e9tait bien cette messe en plein air,&nbsp;avec plus d\u2019un million de fid\u00e8les, n\u2019est-ce pas<\/strong>&nbsp;<strong>?<\/strong><\/p>\n\n\n\n<p>Il y a bien eu d\u2019autres moments intenses. Mais, tant d\u2019hommes politiques auraient, en effet, tout donn\u00e9 pour une telle audience&nbsp;! Depuis le d\u00e9but de ce si\u00e8cle, seul Barack Obama a fait mieux, le jour de son investiture, en janvier 2009, avec quelque 1,8 million personnes au National Mall, \u00e0 Washington. Dans une Afrique o\u00f9 tant de politiciens paient pour attirer, p\u00e9niblement, quelques milliers de foules ch\u00e9tives \u00e0 leurs meetings, m\u00eame les 60&nbsp;000 jeunes rassembl\u00e9s pour \u00e9changer avec le Souverain Pontife feraient des envieux. C\u2019est dire qu\u2019il existe potentiellement une audience pour les leaders qui ont un message \u00e0 transmettre \u00e0 leur peuple. \u00c0 la condition, imp\u00e9rieuse,&nbsp;de jouir d\u2019un minimum de cr\u00e9dibilit\u00e9, et d\u2019\u00eatre capables de v\u00e9rit\u00e9.<\/p>\n\n\n\n<p>Apr\u00e8s leurs \u00e9changes avec ce pape de 86 ans, qui les a encourag\u00e9s \u00e0 abhorrer la v\u00e9nalit\u00e9 ambiante, ces jeunes Congolais rayonnaient d\u2019enthousiasme, pr\u00eats \u00e0 se prendre en main, pour changer de destin. \u00ab\u00a0<em>Il a entendu nos cris\u00a0!<\/em>\u00a0[\u2026]\u00a0<em>Il a vraiment compris le message de la jeunesse\u00a0!<\/em>\u00a0[\u2026]\u00a0<em>Nous sommes victimes de l\u2019indiff\u00e9rence de nos dirigeants\u00a0!<\/em>\u00a0[\u2026]\u00a0<em>Nous naissons dans la guerre, grandissons dans la guerre, et les n\u00f4tres sont en train de mourir dans la guerre<\/em>\u00a0<em>!<\/em>\u00a0\u00bb Les t\u00e9moignages recueillis sur le vif par Patient Ligodi \u00e9taient d\u2019une sinc\u00e9rit\u00e9 \u00e9mouvante. \u00c0 en avoir la chair de poule.<\/p>\n\n\n\n<p>Par :<a href=\"https:\/\/www.rfi.fr\/fr\/auteur\/jean-baptiste-placca\/\">Jean-Baptiste Placca<\/a>, RFI<\/p>\n","protected":false},"excerpt":{"rendered":"<p>L&rsquo;aisance de la connexion entre le pape Fran\u00e7ois et la jeunesse de RDC avait de quoi faire p\u00e2lir d&rsquo;envie les dirigeants politiques africains, qui ont tant de mal \u00e0 dialoguer avec cette frange de la population qui constitue pourtant l&rsquo;avenir de leurs nations. \u00ab&nbsp;\u00d4tez vos mains de la R\u00e9publique d\u00e9mocratique du Congo, \u00f4tez vos mains [&hellip;]<\/p>\n","protected":false},"author":1,"featured_media":1074,"comment_status":"open","ping_status":"open","sticky":false,"template":"","format":"standard","meta":{"tdm_status":"","tdm_grid_status":"","footnotes":""},"categories":[43,45],"tags":[],"class_list":{"0":"post-1073","1":"post","2":"type-post","3":"status-publish","4":"format-standard","5":"has-post-thumbnail","7":"category-palabres","8":"category-politique"},"_links":{"self":[{"href":"https:\/\/rasa-africa.org\/fr\/wp-json\/wp\/v2\/posts\/1073"}],"collection":[{"href":"https:\/\/rasa-africa.org\/fr\/wp-json\/wp\/v2\/posts"}],"about":[{"href":"https:\/\/rasa-africa.org\/fr\/wp-json\/wp\/v2\/types\/post"}],"author":[{"embeddable":true,"href":"https:\/\/rasa-africa.org\/fr\/wp-json\/wp\/v2\/users\/1"}],"replies":[{"embeddable":true,"href":"https:\/\/rasa-africa.org\/fr\/wp-json\/wp\/v2\/comments?post=1073"}],"version-history":[{"count":1,"href":"https:\/\/rasa-africa.org\/fr\/wp-json\/wp\/v2\/posts\/1073\/revisions"}],"predecessor-version":[{"id":1075,"href":"https:\/\/rasa-africa.org\/fr\/wp-json\/wp\/v2\/posts\/1073\/revisions\/1075"}],"wp:featuredmedia":[{"embeddable":true,"href":"https:\/\/rasa-africa.org\/fr\/wp-json\/wp\/v2\/media\/1074"}],"wp:attachment":[{"href":"https:\/\/rasa-africa.org\/fr\/wp-json\/wp\/v2\/media?parent=1073"}],"wp:term":[{"taxonomy":"category","embeddable":true,"href":"https:\/\/rasa-africa.org\/fr\/wp-json\/wp\/v2\/categories?post=1073"},{"taxonomy":"post_tag","embeddable":true,"href":"https:\/\/rasa-africa.org\/fr\/wp-json\/wp\/v2\/tags?post=1073"}],"curies":[{"name":"wp","href":"https:\/\/api.w.org\/{rel}","templated":true}]}}