{"id":2238,"date":"2021-12-19T13:42:05","date_gmt":"2021-12-19T13:42:05","guid":{"rendered":"http:\/\/rasa-africa.org\/?p=2238"},"modified":"2023-01-06T23:49:13","modified_gmt":"2023-01-06T23:49:13","slug":"abdoulaye-wade-perspectives-et-defis-pour-lafrique-a-laube-du-21eme-siecle","status":"publish","type":"post","link":"https:\/\/rasa-africa.org\/ens\/2021\/12\/19\/abdoulaye-wade-perspectives-et-defis-pour-lafrique-a-laube-du-21eme-siecle\/","title":{"rendered":"Abdoulaye Wade: \u00ab\u00a0Perspectives and challenges for Africa at the dawn of the 21st century"},"content":{"rendered":"\r\n<p>\u00ab\u00a0Perspectives and challenges for Africa at the dawn of the 21st century\u00a0\u00bb Dialogue with the President of the Republic of Senegal. Debate directed by Jean-Pierre Elkabbach. During The City of Success 2000<\/p>\r\n\r\n\r\n\r\n<figure class=\"wp-block-embed is-type-video is-provider-youtube wp-block-embed-youtube wp-embed-aspect-4-3 wp-has-aspect-ratio\">\r\n<div class=\"wp-block-embed__wrapper\">\r\n<p><iframe loading=\"lazy\" title=\"Abdoulaye Wade : &quot;Perspectives et d\u00e9fis pour l&#039;Afrique \u00e0 l&#039;aube du 21\u00e8me si\u00e8cle&quot; (1\/3)\" width=\"696\" height=\"522\" src=\"https:\/\/www.youtube.com\/embed\/L-PVhwwxMoo?feature=oembed\" frameborder=\"0\" allow=\"accelerometer; autoplay; clipboard-write; encrypted-media; gyroscope; picture-in-picture; web-share\" allowfullscreen><\/iframe><\/p>\r\n<p><iframe loading=\"lazy\" title=\"Abdoulaye Wade - cit\u00e9 de la r\u00e9ussite 2000  - 2\/3\" width=\"696\" height=\"522\" src=\"https:\/\/www.youtube.com\/embed\/oINSXdaXlyw?feature=oembed\" frameborder=\"0\" allow=\"accelerometer; autoplay; clipboard-write; encrypted-media; gyroscope; picture-in-picture; web-share\" allowfullscreen><\/iframe><\/p>\r\n<p><iframe loading=\"lazy\" title=\"Abdoulaye Wade - cit\u00e9 de la r\u00e9ussite 2000  - 3\/3\" width=\"696\" height=\"522\" src=\"https:\/\/www.youtube.com\/embed\/UNQQ-zKHZQk?feature=oembed\" frameborder=\"0\" allow=\"accelerometer; autoplay; clipboard-write; encrypted-media; gyroscope; picture-in-picture; web-share\" allowfullscreen><\/iframe><\/p>\r\n<\/div>\r\n<\/figure>\r\n\r\n\r\n\r\n<figure class=\"wp-block-embed is-type-video is-provider-youtube wp-block-embed-youtube wp-embed-aspect-4-3 wp-has-aspect-ratio\">\r\n<div class=\"wp-block-embed__wrapper\">\u00a0<\/div>\r\n<\/figure>\r\n\r\n\r\n\r\n<figure class=\"wp-block-embed is-type-video is-provider-youtube wp-block-embed-youtube wp-embed-aspect-4-3 wp-has-aspect-ratio\">\r\n<div class=\"wp-block-embed__wrapper\">\u00a0<\/div>\r\n<\/figure>\r\n\r\n\r\n\r\n<p>&nbsp;<\/p>\r\n","protected":false},"excerpt":{"rendered":"<p>\u00ab\u00a0Perspectives and challenges for Africa at the dawn of the 21st century\u00a0\u00bb Dialogue with the President of the Republic of Senegal. Debate directed by Jean-Pierre Elkabbach. During The City of Success 2000 &nbsp;<\/p>\n","protected":false},"author":1,"featured_media":4506,"comment_status":"closed","ping_status":"closed","sticky":false,"template":"","format":"standard","meta":{"footnotes":""},"categories":[82],"tags":[],"class_list":{"0":"post-2238","1":"post","2":"type-post","3":"status-publish","4":"format-standard","5":"has-post-thumbnail","7":"category-palaver"},"_links":{"self":[{"href":"https:\/\/rasa-africa.org\/ens\/wp-json\/wp\/v2\/posts\/2238","targetHints":{"allow":["GET"]}}],"collection":[{"href":"https:\/\/rasa-africa.org\/ens\/wp-json\/wp\/v2\/posts"}],"about":[{"href":"https:\/\/rasa-africa.org\/ens\/wp-json\/wp\/v2\/types\/post"}],"author":[{"embeddable":true,"href":"https:\/\/rasa-africa.org\/ens\/wp-json\/wp\/v2\/users\/1"}],"replies":[{"embeddable":true,"href":"https:\/\/rasa-africa.org\/ens\/wp-json\/wp\/v2\/comments?post=2238"}],"version-history":[{"count":3,"href":"https:\/\/rasa-africa.org\/ens\/wp-json\/wp\/v2\/posts\/2238\/revisions"}],"predecessor-version":[{"id":4508,"href":"https:\/\/rasa-africa.org\/ens\/wp-json\/wp\/v2\/posts\/2238\/revisions\/4508"}],"wp:featuredmedia":[{"embeddable":true,"href":"https:\/\/rasa-africa.org\/ens\/wp-json\/wp\/v2\/media\/4506"}],"wp:attachment":[{"href":"https:\/\/rasa-africa.org\/ens\/wp-json\/wp\/v2\/media?parent=2238"}],"wp:term":[{"taxonomy":"category","embeddable":true,"href":"https:\/\/rasa-africa.org\/ens\/wp-json\/wp\/v2\/categories?post=2238"},{"taxonomy":"post_tag","embeddable":true,"href":"https:\/\/rasa-africa.org\/ens\/wp-json\/wp\/v2\/tags?post=2238"}],"curies":[{"name":"wp","href":"https:\/\/api.w.org\/{rel}","templated":true}]}}